[{"@context":"https:\/\/schema.org\/","@type":"Article","@id":"https:\/\/www.petos.cz\/ja-a-moda\/#Article","mainEntityOfPage":"https:\/\/www.petos.cz\/ja-a-moda\/","headline":"J\u00e1 a m\u00f3da","name":"J\u00e1 a m\u00f3da","description":"Mus\u00edm \u0159\u00edct, \u017ee opravdu \u00fa\u017easn\u00fd b\u00fdt \u017eenou. M\u00e1m toti\u017e velmi r\u00e1da m\u00f3du a moc r\u00e1da &hellip; ","datePublished":"2022-04-14","dateModified":"2023-05-30","author":{"@type":"Person","@id":"https:\/\/www.petos.cz\/author\/devene\/#Person","name":"devene","url":"https:\/\/www.petos.cz\/author\/devene\/","identifier":1,"image":{"@type":"ImageObject","@id":"https:\/\/secure.gravatar.com\/avatar\/df9d3e7f7fe4622e291ec02ac46f5f76755ddc91019a65e783baee3892394402?s=96&d=mm&r=g","url":"https:\/\/secure.gravatar.com\/avatar\/df9d3e7f7fe4622e291ec02ac46f5f76755ddc91019a65e783baee3892394402?s=96&d=mm&r=g","height":96,"width":96}},"publisher":{"@type":"Organization","name":"petos.cz","logo":{"@type":"ImageObject","@id":"\/logo.png","url":"\/logo.png","width":600,"height":60}},"image":{"@type":"ImageObject","@id":"https:\/\/www.petos.cz\/wp-content\/uploads\/Opera%20Sn%C3%ADmek_2022-07-13_174326_www.google.com_1.png","url":"https:\/\/www.petos.cz\/wp-content\/uploads\/Opera%20Sn%C3%ADmek_2022-07-13_174326_www.google.com_1.png","height":0,"width":0},"url":"https:\/\/www.petos.cz\/ja-a-moda\/","about":["\u017dena"],"wordCount":413,"articleBody":"Mus\u00edm \u0159\u00edct, \u017ee opravdu \u00fa\u017easn\u00fd b\u00fdt \u017eenou. M\u00e1m toti\u017e velmi r\u00e1da m\u00f3du a moc r\u00e1da se obl\u00e9k\u00e1m. A taky jako spr\u00e1vn\u00e1 \u017eena velmi r\u00e1da nakupuji. A abych pravdu \u0159ekla, tak opravdu moc nezn\u00e1m skoro \u017e\u00e1dnou \u017eenu, kter\u00e1 nem\u00e1 r\u00e1da nakupov\u00e1n\u00ed anebo m\u00f3du. A zaj\u00edmalo by m\u011b, jak jste na tom vy s m\u00f3dou? Mysl\u00edm si, \u017ee \u017eena opravdu moc r\u00e1da nakupuje, a to asi cokoliv. Samoz\u0159ejm\u011b, \u017ee \u017eeny nejrad\u011bji nakupuj\u00ed samoz\u0159ejm\u011b oble\u010den\u00ed anebo parf\u00e9my. Nebo vy ne? J\u00e1 parf\u00e9my a kabelky miluji!\u00a0 A taky hlavn\u011b kosmetiku. A abych j\u00e1 t\u0159eba popsala sebe, tak j\u00e1 nejrad\u011bji kupuji boty a kabelky. Ov\u0161em ale nemyslete si, \u017ee i kdy\u017e jsem \u017eena, tak m\u00e1m doma t\u0159eba deset kabelek nebo dvacet p\u00e1r\u016f bot. To samoz\u0159ejm\u011b ne,\u00a0proto\u017ee\u00a0m\u00e1m mal\u00fd byt, tak\u017ee by se mi to jsem v\u0161echno ani neve\u0161lo.Tak\u017ee si d\u00e1v\u00e1m sp\u00ed\u0161e jako \u017ee z\u00e1le\u017eet na kvalit\u011b. Kvantitu v\u016fbec nepot\u0159ebuji. Tak\u017ee m\u00e1m doma \u010dty\u0159i opravdu kvalitn\u00ed kabelky. A jednu m\u00e1m k tomu luxusn\u00ed, kter\u00e1 m\u011b st\u00e1le t\u0159i v\u00fdplaty. Ale v\u016fbec toho nelituji. Mysl\u00edm si, \u017ee opravdu ka\u017ed\u00e1 \u017eena by m\u011bla m\u00edt doma alespo\u0148 jeden jedin\u00fd luxusn\u00ed kousek. A nez\u00e1le\u017e\u00ed, jestli to kabelka anebo boty. M\u016f\u017ee se tak\u00e9 jednat nap\u0159\u00edklad o hodinky anebo n\u011bjak\u00fd kvalitn\u00ed \u0161perk. A mysl\u00edm si, \u017ee je taky plno \u017een, kter\u00e9 maj\u00ed opravdu r\u00e1di \u0161perky. Nap\u0159\u00edklad moje sousedka, ta si d\u00e1v\u00e1 opravdu z\u00e1le\u017eet na tom, aby m\u011bla doma opravdu hodn\u011b kvalitn\u00ed \u0161perky. To je \u017eena, kter\u00e1 se opravdu vy\u017e\u00edv\u00e1 v diamantech a zlatu. A tady jde vid\u011bt, \u017ee \u017eeny jsou r\u016fzn\u00e9, co\u017e je ale naprosto skv\u011bl\u00e9. Taky jsou ale i typy \u017een,\u00a0kter\u00e9\u00a0netou\u017e\u00ed po ni\u010dem. Jsou to takov\u00e9 \u017eeny, kter\u00e9 nic nepot\u0159ebuj\u00ed anebo jim t\u0159eba m\u00f3da \u010di \u0161perky p\u0159ijdou \u00fapln\u011b zbyte\u010dn\u00e9. To j\u00e1 si\u00a0tedy\u00a0mysl\u00edm\u00a0prav\u00fd opak. Bez \u017eensk\u00fdch v\u011bc\u00ed bych asi u\u017e\u00a0nemohla\u00a0b\u00fdt! J\u00e1 jsem toti\u017e \u00fapln\u011b typick\u00e1 \u017eena se v\u0161\u00edm v\u0161udy. U\u017e\u00edv\u00e1m si sv\u00e9 \u017eenstv\u00ed a taky fakt, \u017ee jsem milov\u00e1na mu\u017ei. A to moc t\u011b\u0161\u00ed. Kdo by to nevadilo.                                                                                                                                                                                                                                                                                                                                                                                        3.4\/5 - (11 votes)        "},{"@context":"https:\/\/schema.org\/","@type":"BreadcrumbList","itemListElement":[{"@type":"ListItem","position":1,"name":"J\u00e1 a m\u00f3da","item":"https:\/\/www.petos.cz\/ja-a-moda\/#breadcrumbitem"}]}]