[{"@context":"https:\/\/schema.org\/","@type":"Article","@id":"https:\/\/www.petos.cz\/proc-verit-v-silu-lecivych-kamenu\/#Article","mainEntityOfPage":"https:\/\/www.petos.cz\/proc-verit-v-silu-lecivych-kamenu\/","headline":"Pro\u010d v\u011b\u0159it v s\u00edlu l\u00e9\u010div\u00fdch kamen\u016f?","name":"Pro\u010d v\u011b\u0159it v s\u00edlu l\u00e9\u010div\u00fdch kamen\u016f?","description":"Ametyst je skv\u011bl\u00fd na zm\u00edrn\u011bn\u00ed bolest\u00ed hlavy. Oliv\u00edn je zase v\u00fdborn\u00fd na pl\u00edce. Co k\u00e1men &hellip; ","datePublished":"2019-12-02","dateModified":"2023-05-30","author":{"@type":"Person","@id":"https:\/\/www.petos.cz\/author\/devene\/#Person","name":"devene","url":"https:\/\/www.petos.cz\/author\/devene\/","identifier":1,"image":{"@type":"ImageObject","@id":"https:\/\/secure.gravatar.com\/avatar\/df9d3e7f7fe4622e291ec02ac46f5f76755ddc91019a65e783baee3892394402?s=96&d=mm&r=g","url":"https:\/\/secure.gravatar.com\/avatar\/df9d3e7f7fe4622e291ec02ac46f5f76755ddc91019a65e783baee3892394402?s=96&d=mm&r=g","height":96,"width":96}},"publisher":{"@type":"Organization","name":"petos.cz","logo":{"@type":"ImageObject","@id":"\/logo.png","url":"\/logo.png","width":600,"height":60}},"image":{"@type":"ImageObject","@id":"https:\/\/www.petos.cz\/wp-content\/uploads\/img_a364477_w4318_t1577274444.jpg","url":"https:\/\/www.petos.cz\/wp-content\/uploads\/img_a364477_w4318_t1577274444.jpg","height":0,"width":0},"url":"https:\/\/www.petos.cz\/proc-verit-v-silu-lecivych-kamenu\/","about":["V\u011bda"],"wordCount":670,"articleBody":"Ametyst je skv\u011bl\u00fd na zm\u00edrn\u011bn\u00ed bolest\u00ed hlavy. Oliv\u00edn je zase v\u00fdborn\u00fd na pl\u00edce. Co k\u00e1men to l\u00e9\u010debn\u00e9 vyu\u017eit\u00ed. N\u011bkdo na n\u011b ned\u00e1 dopustit, jin\u00fd se oh\u00e1n\u00ed \u0161arlat\u00e1nstv\u00edm. L\u00e9\u010debn\u00e9 kameny maj\u00ed sv\u00e9 p\u0159\u00edznivce i odp\u016frce. A d\u0159\u00edve, ne\u017eli za\u010dnu mluvit, m\u011bjte na pam\u011bti, \u017ee se jedn\u00e1 pouze o m\u016fj vlastn\u00ed n\u00e1zor, kter\u00fd nikomu nevnucuji.\tL\u00e9\u010div\u00e9 kameny jsem vzala v\u00a0potaz, kdy\u017e mi p\u0159ed lety kamar\u00e1dka darovala dva n\u00e1ramky. Jeden na nervozitu, druh\u00fd na sebev\u011bdom\u00ed. Od t\u00e9 doby se na \u0161k\u00e1le pro a proti l\u00e9\u010div\u00fdm kamen\u016fm nach\u00e1z\u00edm n\u011bkde uprost\u0159ed.\tSt\u00e1le jsem nezavrhla l\u00e9ky jako ti\u0161itele bolesti. Trp\u00edm velice siln\u00fdmi migr\u00e9nami, a by\u0165 jsem se skute\u010dn\u011b sna\u017eila, jen l\u00e9\u010div\u00e9 kameny mi nepom\u00e1haj\u00ed.\tNa druhou stranu, co se t\u00fd\u010de du\u0161evn\u00ed vyrovnanosti: stres, no\u010dn\u00ed m\u016fry, soust\u0159ed\u011bn\u00ed atd. vyu\u017e\u00edv\u00e1m kameny velmi \u010dasto a r\u00e1da. Z\u00a0m\u00e9 strany to asi nikdy p\u0159\u00edli\u0161 nebylo o tom, zda jsem sk\u00e1lopevn\u011b p\u0159esv\u011bd\u010den\u00e1, \u017ee funguj\u00ed. Jde jen o m\u016fj stav mysli, kter\u00fd mi kameny pouze pom\u00e1haj\u00ed navodit. Tak\u017ee pro\u010d vlastn\u011b pou\u017e\u00edv\u00e1m l\u00e9\u010div\u00e9 kameny?\t\tUKLID\u0147UJ\u00cd M\u011a\tJe celkem jedno, jestli m\u00e1m zrovna na sob\u011b k\u00e1men citlivosti nebo du\u0161evn\u00ed vyrovnanosti. Jakmile si n\u011bjak\u00fd p\u0159ipout\u00e1m k\u00a0t\u011blu \u2013 a\u0165 u\u017e v\u00a0podob\u011b kamene v\u00a0kapse, n\u00e1ramku nebo n\u00e1hrdeln\u00edku \u2013 v\u017edy m\u011b bezpe\u010dn\u011b uklidn\u00ed. Jsou to \u0159ekn\u011bme takov\u00e9 moje talismany. M\u00e9 t\u011blo v\u00ed, \u017ee je m\u00e1m a proud\u00ed z\u00a0nich do m\u011b l\u00e1ska energie (a\u0165 u\u017e jak\u00e1koliv) nebo l\u00e1ska \u010dlov\u011bka, kter\u00fd mi ten k\u00e1men dal.\tP\u0158\u00cdJEMN\u011a CHLAD\u00cd\tTyhle moje talismany m\u011b v\u017edycky zaru\u010den\u011b schlad\u00ed. A je jedno, jestli je venku t\u0159icet stup\u0148\u016f ve st\u00ednu a chlad\u00ed m\u011b fyzicky nebo jsem po h\u00e1dce rozp\u00e1len\u00e1 do b\u011bla a schlad\u00ed m\u011b vnit\u0159n\u011b. To byste nev\u011b\u0159ili, jak moc mi pom\u00e1h\u00e1, kdy\u017e je po n\u011bjak\u00e9 v\u00e1\u0161niv\u00e9 v\u00fdm\u011bn\u011b n\u00e1zor\u016f sev\u0159u v\u00a0rukou. Po p\u00e1r chv\u00edl\u00edch zklidn\u00edm dech a jsem schopn\u00e1 ve\u0161kerou svou zlobu soust\u0159edit do kamene. D\u011bl\u00e1m to vlastn\u011b tak \u010dasto, a\u017e se div\u00edm, \u017ee je\u0161t\u011b \u017e\u00e1dn\u00e9 nepraskly nebo nezm\u011bnily barvu.\tDOD\u00c1VAJ\u00cd MI SEBEV\u011aDOM\u00cd\tSt\u00e1v\u00e1 se mi, \u017ee m\u00e1m j\u00edt n\u011bkam na ve\u010d\u00edrek a \u00fapln\u011b si nejsem jist\u00e1 sama sebou. Co si o m\u011b lid\u00e9 mysl\u00ed? Zm\u011bnila se? To jsou v\u011bt\u0161inou ot\u00e1zky, kter\u00e9 by m\u011b tr\u00e1pit rozhodn\u011b nem\u011bly, ale tr\u00e1p\u00ed. \u0158\u00edk\u00e1 se, \u017ee diamanty jsou nejlep\u0161\u00ed p\u0159\u00e1tel\u00e9 d\u00edvek. Pro m\u011b jsou to drahokamy obecn\u011b. Bou\u0159kov\u011b modr\u00fd saf\u00edr, krvav\u011b \u010derven\u00fd rub\u00edn nebo tajemn\u011b zelen\u00fd smaragd. Kter\u00e9koliv z\u00a0nich si vyberu a navl\u00e9knu, hned se c\u00edt\u00edm jinak. Nejen\u017ee se v\u0161emi t\u011bmi \u0161perky mus\u00edm opravdu z\u00e1\u0159it, ale c\u00edt\u00edm se tak n\u011bjak \u00fa\u017easn\u011b. A to se samoz\u0159ejm\u011b projev\u00ed i na m\u00e9m vystupov\u00e1n\u00ed.\tTento \u010dl\u00e1nek nem\u011bl za \u00fakol V\u00e1s p\u0159esv\u011bd\u010dit o moci kamen\u016f, ale sp\u00ed\u0161 je p\u0159edstavit symbol \u00fat\u011bchy, kr\u00e1sy a ano i l\u00e9\u010debn\u00e9 moci. Nikdo po V\u00e1s nechce, abyste hned te\u010f vyhodili celou l\u00e9k\u00e1rni\u010dku a nahradili ji l\u00e9\u010debn\u00fdmi kameny, ani abyste m\u011bli \u0161perkovnici nap\u011bchovanou ka\u017ed\u00fdm zn\u00e1m\u00fdm i nezn\u00e1m\u00fdm kamenem.\tPro za\u010d\u00e1tek se s\u00a0nimi zkuste bl\u00ed\u017ee sezn\u00e1mit. Zjist\u011bte, jak\u00e9 z\u00a0nich V\u00e1s p\u0159itahuj\u00ed svou kr\u00e1sou. Jak\u00e9 kameny jsou vhodn\u00e9 dle znamen\u00ed zv\u011brokruhu. A mo\u017en\u00e1 budete p\u0159ekvapeni jak jimi, tak sebou sam\u00fdm.\t\u00a0                                                                                                                                                                                                                                                                                                                                                                                        3.9\/5 - (10 votes)        "},{"@context":"https:\/\/schema.org\/","@type":"BreadcrumbList","itemListElement":[{"@type":"ListItem","position":1,"name":"Pro\u010d v\u011b\u0159it v s\u00edlu l\u00e9\u010div\u00fdch kamen\u016f?","item":"https:\/\/www.petos.cz\/proc-verit-v-silu-lecivych-kamenu\/#breadcrumbitem"}]}]