[{"@context":"https:\/\/schema.org\/","@type":"Article","@id":"https:\/\/www.petos.cz\/zavislost-na-politice\/#Article","mainEntityOfPage":"https:\/\/www.petos.cz\/zavislost-na-politice\/","headline":"Z\u00e1vislost na politice","name":"Z\u00e1vislost na politice","description":"N\u011bkdy se bavit o politice, tak je to v\u011bt\u0161inou takov\u00e9 nudn\u00e9 a n\u011bkdy a\u017e o\u0161emetn\u00e9. &hellip; ","datePublished":"2023-08-25","dateModified":"2023-08-25","author":{"@type":"Person","@id":"https:\/\/www.petos.cz\/author\/devene\/#Person","name":"devene","url":"https:\/\/www.petos.cz\/author\/devene\/","identifier":1,"image":{"@type":"ImageObject","@id":"https:\/\/secure.gravatar.com\/avatar\/df9d3e7f7fe4622e291ec02ac46f5f76755ddc91019a65e783baee3892394402?s=96&d=mm&r=g","url":"https:\/\/secure.gravatar.com\/avatar\/df9d3e7f7fe4622e291ec02ac46f5f76755ddc91019a65e783baee3892394402?s=96&d=mm&r=g","height":96,"width":96}},"publisher":{"@type":"Organization","name":"petos.cz","logo":{"@type":"ImageObject","@id":"\/logo.png","url":"\/logo.png","width":600,"height":60}},"image":{"@type":"ImageObject","@id":"https:\/\/www.petos.cz\/wp-content\/uploads\/mother-and-daughter-3281388_960_720.jpg","url":"https:\/\/www.petos.cz\/wp-content\/uploads\/mother-and-daughter-3281388_960_720.jpg","height":0,"width":0},"url":"https:\/\/www.petos.cz\/zavislost-na-politice\/","about":["Politika"],"wordCount":420,"articleBody":"N\u011bkdy se bavit o politice, tak je to v\u011bt\u0161inou takov\u00e9 nudn\u00e9 a n\u011bkdy a\u017e o\u0161emetn\u00e9. N\u011bkdy dokonce tak\u00e9 nebezpe\u010dn\u00e9. Ur\u010dit\u011b v\u00e1m ani nemus\u00edm \u0159\u00edkat nebo p\u0159ipom\u00ednat, \u017ee jsou n\u011bkdy takov\u00e9 p\u0159\u00edpady, kdy t\u0159eba lid\u00e9 se bav\u00ed o politice a potom se za\u010dnou h\u00e1dat nebo se tak\u00e9 podle m\u00e9ho n\u00e1zoru poperou. Ale tohle je opravdu takov\u00e9 divn\u00e9 a neprofesion\u00e1ln\u00ed. Je to sp\u00ed\u0161e takov\u00e9 d\u011btinsk\u00e9. Pro\u010d by se lid\u00e9 m\u011bli h\u00e1dat jenom kv\u016fli tomu, \u017ee se bav\u00ed o politice? J\u00e1 na tom v\u016fbec nevid\u00edm nic \u0161patn\u00e9ho, pro\u010d by se lid\u00e9 nemohli bavit \u00fapln\u011b norm\u00e1ln\u011b a v\u00a0klidu o politice, je to smutn\u00e9. Je to opravdu \u0161kared\u00e9 a nel\u00edb\u00ed se mi to. Podle m\u00e9ho n\u00e1zoru by to m\u011blo b\u00fdt \u00fapln\u011b jinak. Kdy\u017e se\u00a0lid\u00e9\u00a0cht\u011bj\u00ed bavit, kdy\u017e vlastn\u011b konverzuj\u00ed, tak pro\u010d by m\u011bli si nad\u00e1vat anebo se u toho ml\u00e1tit? Moje maminka a babi\u010dka s d\u011bde\u010dkem se v\u017edycky tomu v\u0161ichni t\u0159i\u00a0sm\u011bj\u00ed. J\u00e1 se tomu nediv\u00edm, m\u011b to ze za\u010d\u00e1tku p\u0159i\u0161lo opravdu takov\u00e9 smutn\u00e9 a takov\u00e9 chab\u00e9 docela i sprost\u00e9 a nevkusn\u00e9. Jenom\u017ee co jsem m\u011bla d\u011blat? J\u00e1 samoz\u0159ejm\u011b s t\u00edm nic neud\u011bl\u00e1m. Proto\u00a0jsem si \u0159ekla, \u017ee nejlep\u0161\u00ed bude, kdy\u017e asi p\u0159estanu sledovat politiku \u00fapln\u011b. Co bych z toho asi tak m\u011bla? Samoz\u0159ejm\u011b, \u017ee nic, proto\u00a0jsem \u0159\u00edkala mamince, \u017ee v\u016fbec nech\u00e1pu, jak se\u00a0n\u011bkdo m\u016f\u017ee kv\u016fli politice poh\u00e1dat anebo dokonce porvat. Je to opravdu smutn\u00e9. Proto jsem si \u0159ekla, \u017ee jsem opravdu r\u00e1da, \u017ee nem\u00e1m partnera, kter\u00fd by se zaj\u00edmal opravdu hodn\u011b a hluboce o politiku. M\u016fj partner toti\u017e \u0159ekl, \u017ee politiku sleduje, ale \u017ee ho to nebav\u00ed takhle \u00fapln\u011b dopodrobna nebo hluboko sledovat. Jako pr\u00fd moji rodi\u010de a prarodi\u010de. Ano, moji prarodi\u010de jsou hlavn\u011b do politiky opravdu velc\u00ed bl\u00e1zni a v\u016fbec se t\u00edm ani netaj\u00ed. Kdy\u017e jsou n\u011bjak\u00e9 volby, tak v\u017edycky jdou volit a \u0159\u00edkaj\u00ed si, \u017ee\u00a0by m\u011bli j\u00edt volit v\u017edycky ka\u017ed\u00fd. Podle nich nejsem asi spr\u00e1vn\u00fd \u010cech, jenom\u017ee je mn\u011b tohle nebav\u00ed, abych \u0161la volit.\u00a0Rozhodn\u011b volit nep\u016fjdu, proto\u017ee politika v\u016fbec nen\u00ed m\u016fj obor a moc m\u011b to nebav\u00ed.\u00a0                                                                                                                                                                                                                                                                                                                                                                                        4.1\/5 - (9 votes)        "},{"@context":"https:\/\/schema.org\/","@type":"BreadcrumbList","itemListElement":[{"@type":"ListItem","position":1,"name":"Z\u00e1vislost na politice","item":"https:\/\/www.petos.cz\/zavislost-na-politice\/#breadcrumbitem"}]}]